{"id":2934,"date":"2018-06-12T00:45:16","date_gmt":"2018-06-11T22:45:16","guid":{"rendered":"http:\/\/east-sea.de\/?p=2934"},"modified":"2018-07-05T23:50:01","modified_gmt":"2018-07-05T21:50:01","slug":"tieng-viet-cau-lac-bo-bilderberg-mot-to-chuc-bi-mat-thao-tung-ca-the-gioi","status":"publish","type":"post","link":"http:\/\/east-sea.de\/vi\/2018\/06\/12\/tieng-viet-cau-lac-bo-bilderberg-mot-to-chuc-bi-mat-thao-tung-ca-the-gioi\/","title":{"rendered":"C\u00e2u l\u1ea1c b\u1ed9 Bilderberg \u2013 M\u1ed9t t\u1ed5 ch\u1ee9c b\u00ed m\u1eadt thao t\u00fang c\u1ea3 th\u1ebf gi\u1edbi"},"content":{"rendered":"<div id=\"attachment_2935\" style=\"width: 680px\" class=\"wp-caption alignnone\"><img aria-describedby=\"caption-attachment-2935\" loading=\"lazy\" class=\"wp-image-2935 size-full\" src=\"http:\/\/east-sea.de\/datei\/uploads\/2018\/06\/bilder-berg2-670x262.jpg\" alt=\"\" width=\"670\" height=\"262\" \/><p id=\"caption-attachment-2935\" class=\"wp-caption-text\">\u1ea2nh tinhhoa.net<\/p><\/div>\n<p>C\u00e2u l\u1ea1c b\u1ed9 (CLB) Bilderberg \u0111\u01b0\u1ee3c t\u1ed5 ch\u1ee9c l\u1ea7n \u0111\u1ea7u ti\u00ean v\u00e0o th\u00e1ng 5.1954 t\u1ea1i kh\u00e1ch s\u1ea1n Bilderberg, theo l\u1eddi m\u1eddi c\u1ee7a Ho\u00e0ng t\u1eed Bernhard Ho\u00e0 Lan. T\u1eeb \u0111\u00f3 Bilderberg l\u00e0 t\u00ean g\u1ecdi c\u1ee7a CLB b\u00ed m\u1eadt n\u00e0y v\u00e0 tr\u1edf th\u00e0nh n\u01a1i g\u1eb7p g\u1ee1 h\u00e0ng n\u0103m c\u1ee7a nh\u1eefng nh\u00e2n v\u1eadt \u01b0u t\u00fa trong gi\u1edbi tinh hoa c\u00f3 t\u1ea7m \u1ea3nh h\u01b0\u1edfng nh\u1ea5t h\u00e0nh tinh \u0111\u1ebfn t\u1eeb c\u00e1c l\u0129nh v\u1ef1c kinh doanh, ch\u00ednh tr\u1ecb, qu\u00e2n s\u1ef1, truy\u1ec1n th\u00f4ng, h\u1ecdc thu\u1eadt, qu\u00ed t\u1ed9c v\u00e0 t\u00ecnh b\u00e1o. Kh\u00e1ch tham d\u1ef1 do Ch\u1ee7 t\u1ecbch v\u00e0 2 T\u1ed5ng th\u01b0 k\u00fd CLB m\u1eddi, sau khi \u0111\u00e3 tham kh\u1ea3o g\u1ee3i \u00fd c\u1ee7a Ban ch\u1ec9 \u0111\u1ea1o. Th\u00e0nh ph\u1ea7n kh\u00e1ch m\u1eddi \u0111\u01b0\u1ee3c l\u1ef1a ch\u1ecdn sao cho b\u1ea3o \u0111\u1ea3m ch\u01b0\u01a1ng tr\u00ecnh ngh\u1ecb s\u1ef1 \u0111\u1ea7y \u0111\u1ee7 th\u00f4ng tin v\u00e0 c\u00e2n \u0111\u1ed1i. H\u1ed9i ngh\u1ecb Bilderberg \u0111\u01b0\u1ee3c t\u1ed5 ch\u1ee9c h\u00e0ng n\u0103m kh\u00f4ng ch\u00ednh th\u1ee9c \u1edf nh\u1eefng \u0111\u1ecba \u0111i\u1ec3m kh\u00e1c nhau tr\u00ean th\u1ebf gi\u1edbi v\u00e0 lu\u00f4n \u0111\u00f3ng c\u1eeda v\u1edbi c\u00f4ng ch\u00fang v\u00e0 gi\u1edbi truy\u1ec1n th\u00f4ng. Quy t\u1eafc c\u1ee7a CLB Bilderberg lu\u00f4n n\u00eau r\u00f5 trong nhi\u1ec1u n\u0103m qua l\u00e0: <strong><em>&#8220;Kh\u00f4ng c\u00f3 k\u1ebft qu\u1ea3 n\u00e0o \u0111\u01b0\u1ee3c \u0111\u01b0a ra, kh\u00f4ng c\u00f3 tuy\u00ean b\u1ed1 chung n\u00e0o \u0111\u01b0\u1ee3c c\u00f4ng b\u1ed1\u201d<\/em><\/strong>. Ng\u00f4n ng\u1eef s\u1eed d\u1ee5ng trong h\u1ed9i ngh\u1ecb l\u00e0 ti\u1ebfng Anh. Kh\u00e1ch m\u1eddi \u0111\u01b0\u1ee3c t\u1ef1 do s\u1eed d\u1ee5ng c\u00e1c th\u00f4ng tin nh\u1eadn \u0111\u01b0\u1ee3c, nh\u01b0ng kh\u00f4ng \u0111\u01b0\u1ee3c ti\u1ebft l\u1ed9 danh t\u00ednh ng\u01b0\u1eddi cung c\u1ea5p.<\/p>\n<p><strong>H\u1ed9i ngh\u1ecb Bilderberg 2018: C\u00e1c ch\u1ee7 \u0111\u1ec1 v\u00e0 danh s\u00e1ch ng\u01b0\u1eddi tham d\u1ef1<\/strong><\/p>\n<p>B\u1eaft \u0111\u1ea7u t\u1eeb 07.06.2018 H\u1ed9i ngh\u1ecb \u0111\u01b0\u1ee3c di\u1ec5n ra t\u1ea1i Turin-\u00dd.<\/p>\n<p>Ch\u01b0\u01a1ng tr\u00ecnh ngh\u1ecb s\u1ef1 b\u00e0n \u0111\u1ebfn 12 ch\u1ee7 \u0111\u1ec1, trong \u0111\u00f3 1 \u2013 4 l\u00e0 ch\u1ee7 \u0111\u1ec1 ch\u00ednh:<\/p>\n<ol>\n<li>Nga<\/li>\n<li>Vai tr\u00f2 l\u00e3nh \u0111\u1ea1o th\u1ebf gi\u1edbi c\u1ee7a USA<\/li>\n<li>Ch\u1ee7 ngh\u0129a d\u00e2n tu\u00fd \u1edf ch\u00e2u \u00c2u<\/li>\n<li>Tr\u00ed tu\u1ec7 nh\u00e2n t\u1ea1o<\/li>\n<li>Th\u00e1ch th\u1ee9c c\u1ee7a s\u1ef1 b\u1ea5t b\u00ecnh \u0111\u1eb3ng<\/li>\n<li>T\u01b0\u01a1ng lai c\u1ee7a lao \u0111\u1ed9ng<\/li>\n<li>N\u01b0\u1edbc M\u1ef9 gi\u1eefa k\u1ef3 b\u1ea7u c\u1eed<\/li>\n<li>T\u1ef1 do th\u01b0\u01a1ng m\u1ea1i<\/li>\n<li>M\u00e1y t\u00ednh l\u01b0\u1ee3ng t\u1eed<\/li>\n<li>\u1ea2 R\u1eadp X\u00ea \u00dat v\u00e0 Iran<\/li>\n<li>Th\u1ebf gi\u1edbi t\u00e2m linh<\/li>\n<li>Nh\u1eefng s\u1ef1 ki\u1ec7n hi\u1ec7n t\u1ea1i<\/li>\n<\/ol>\n<p>Danh s\u00e1ch tham d\u1ef1 l\u1ea7n n\u00e0y \u0111\u01b0\u1ee3c x\u1ebfp theo th\u1ee9 t\u1ef1 v\u1ea7n ABC. T\u00ean nh\u1eefng ng\u01b0\u1eddi \u0110\u1ee9c \u0111\u01b0\u1ee3c t\u00f4 \u0111\u1eadm:<\/p>\n<p><strong>Achleitner, Paul M. (DEU), Chairman Supervisory Board, Deutsche Bank AG; Schatzmeister, Foundation Bilderberg Meetings<\/strong><\/p>\n<p>Agius, Marcus (GBR), Chairman, PA Consulting GroupAlesina, Alberto (ITA), Nathaniel Ropes Professor of Economics, Harvard University<\/p>\n<p>Altman, Roger C. (USA), Founder and Senior Chairman, EvercoreAmorim, Paula (PRT), Chairman, Am\u00e9rico Amorim Group<\/p>\n<p>Anglade, Dominique (CAN), Deputy Premier of Quebec; Minister of Economy, Science and Innovation<\/p>\n<p>Applebaum, Anne (POL), Columnist, Washington Post; Professor of Practice, London School of Economics<\/p>\n<p>Azoulay, Audrey (INT), Director-General, UNES<\/p>\n<p>Baker, James H. (USA), Director, Office of Net Assessment, Office of the Secretary of Defense<\/p>\n<p>Barbizet, Patricia (FRA), President, Temaris &amp; Associ\u00e9s<\/p>\n<p>Barroso, Jos\u00e9 M. Dur\u00e3o (PRT), Chairman, Goldman Sachs International; Former President, European Commission<\/p>\n<p>Beerli, Christine (CHE), Former Vice-President, International Committee of the Red Cross<\/p>\n<p>Berx, Cathy (BEL), Governor, Province of Antwerp<\/p>\n<p>Beurden, Ben van (NLD), CEO, Royal Dutch Shell plc<\/p>\n<p>Blanquer, Jean-Michel (FRA), Minister of National Education, Youth and Community Life<\/p>\n<p>Bot\u00edn, Ana P. (ESP), Group Executive Chairman, Banco Santander<\/p>\n<p>Bouverot, Anne (FRA), Board Member; Former CEO, Morpho<\/p>\n<p>Brandtz\u00e6g, Svein Richard (NOR), President and CEO, Norsk Hydro ASA<\/p>\n<p>Brende, B\u00f8rge (INT), President, World Economic Forum<\/p>\n<p>Brennan, Eamonn (IRL), Director General, Eurocontrol<\/p>\n<p>Brnabic, Ana (SRB), Prime Minister<\/p>\n<p>Burns, William J. (USA), President, Carnegie Endowment for International Peace<\/p>\n<p>Burwell, Sylvia M. (USA), President, American University<\/p>\n<p>Caracciolo, Lucio (ITA), Editor-in-Chief, Limes<\/p>\n<p>Carney, Mark J. (GBR), Governor, Bank of England<\/p>\n<p>Castries, Henri de (FRA), Chairman, Institut Montaigne; Chairman, Steering Committee Bilderberg Meetings<\/p>\n<p>Cattaneo, Elena (ITA), Director, Laboratory of Stem Cell Biology, University of Milan<\/p>\n<p>Cazeneuve, Bernard (FRA), Partner, August Debouzy; Former Prime Minister<\/p>\n<p>Cebri\u00e1n, Juan Luis (ESP), Executive Chairman, El Pa\u00eds<\/p>\n<p>Champagne, Fran\u00e7ois-Philippe (CAN), Minister of International Trade<\/p>\n<p>Cohen, Jared (USA), Founder and CEO, Jigsaw at Alphabet Inc.<\/p>\n<p>Colao, Vittorio (ITA), CEO, Vodafone Group<\/p>\n<p>Cook, Charles (USA), Political Analyst, The Cook Political Report<\/p>\n<p>Dagdeviren, Canan (TUR), Assistant Professor, MIT Media Lab<\/p>\n<p>Donohoe, Paschal (IRL), Minister for Finance, Public Expenditure and Reform<\/p>\n<p><strong>D\u00f6pfner, Mathias (DEU), Chairman and CEO, Axel Springer SE<\/strong><\/p>\n<p>Ecker, Andrea (AUT), Secretary General, Office Federal President of Austria<\/p>\n<p>Elkann, John (ITA), Chairman, Fiat Chrysler Automobiles<\/p>\n<p>\u00c9mi\u00e9, Bernard (FRA), Director General, Ministry of the Armed Forces<\/p>\n<p><strong>Enders, Thomas (DEU), CEO, Airbus SE<\/strong><\/p>\n<p>Fallows, James (USA), Writer and Journalist<\/p>\n<p>Ferguson, Jr., Roger W. (USA), President and CEO, TIAA<\/p>\n<p>Ferguson, Niall (USA), Milbank Family Senior Fellow, Hoover Institution, Stanford University<\/p>\n<p>Fischer, Stanley (USA), Former Vice-Chairman, Federal Reserve; Former Governor, Bank of Israel<\/p>\n<p>Gilvary, Brian (GBR), Group CFO, BP plc<\/p>\n<p>Goldstein, Rebecca (USA), Visiting Professor, New York University<\/p>\n<p>Gruber, Lilli (ITA), Editor-in-Chief and Anchor \u201eOtto e mezzo\u201c, La7 TV<\/p>\n<p>Hajdarowicz, Greg (POL), Founder and President, Gremi International Sarl<\/p>\n<p>Halberstadt, Victor (NLD), Professor of Economics, Leiden University; Chairman Foundation Bilderberg Meetings<\/p>\n<p>Hassabis, Demis (GBR), Co-Founder and CEO, DeepMind<\/p>\n<p>Hedegaard, Connie (DNK), Chair, KR Foundation; Former European Commissioner<\/p>\n<p>Helgesen, Vidar (NOR), Ambassador for the Ocean<\/p>\n<p>Herlin, Antti (FIN), Chairman, KONE Corporation<\/p>\n<p>Hickenlooper, John (USA), Governor of Colorado<\/p>\n<p>Hobson, Mellody (USA), President, Ariel Investments LLC<\/p>\n<p>Hodgson, Christine (GBR), Chairman, Capgemini UK plc<\/p>\n<p>Hoffman, Reid (USA), Co-Founder, LinkedIn; Partner, Greylock Partners<\/p>\n<p>Horowitz, Michael C. (USA), Professor of Political Science, University of Pennsylvania<\/p>\n<p>Hwang, Tim (USA), Director, Harvard-MIT Ethics and Governance of AI Initiative<\/p>\n<p>Ischinger, Wolfgang (INT), Chairman, Munich Security Conference<\/p>\n<p>Jacobs, Kenneth M. (USA), Chairman and CEO, Lazard<\/p>\n<p>Kaag, Sigrid (NLD), Minister for Foreign Trade and Development Cooperation<\/p>\n<p>Karp, Alex (USA), CEO, Palantir Technologies<\/p>\n<p>Kissinger, Henry A. (USA), Chairman, Kissinger Associates Inc.<\/p>\n<p>Kleinfeld, Klaus (USA), CEO, NEOM<\/p>\n<p>Knot, Klaas H.W. (NLD), President, De Nederlandsche Bank<\/p>\n<p>Ko\u00e7, \u00d6mer M. (TUR), Chairman, Ko\u00e7 Holding A.S.<\/p>\n<p><strong>K\u00f6cher, Renate (DEU), Managing Director, Allensbach Institute for Public Opinion Research<\/strong><\/p>\n<p>Kotkin, Stephen (USA), Professor in History and International Affairs, Princeton University<\/p>\n<p>Kragic, Danica (SWE), Professor, School of Computer Science and Communication, KTH<\/p>\n<p>Kravis, Henry R. (USA), Co-Chairman and Co-CEO, KKR<\/p>\n<p>Kravis, Marie-Jos\u00e9e (USA), Senior Fellow, Hudson Institute; President, American Friends of Bilderberg<\/p>\n<p>Kudelski, Andr\u00e9 (CHE), Chairman and CEO, Kudelski Group<\/p>\n<p>Lepom\u00e4ki, Elina (FIN), MP, National Coalition Party<\/p>\n<p><strong>Leyen, Ursula von der (DEU), Federal Minster of Defence<\/strong><\/p>\n<p>Leysen, Thomas (BEL), Chairman, KBC Group<\/p>\n<p>Makan, Divesh (USA), CEO, ICONIQ Capital<\/p>\n<p>Massolo, Giampiero (ITA), Chairman, Fincantieri Spa.; President, ISPI<\/p>\n<p>Mazzucato, Mariana (ITA), Professor in the Economics of Innovation and Public Value, University College London<\/p>\n<p>Mead, Walter Russell (USA), Distinguished Fellow, Hudson Institute<\/p>\n<p>Michel, Charles (BEL), Prime Minister<\/p>\n<p>Micklethwait, John (USA), Editor-in-Chief, Bloomberg LP<\/p>\n<p>Minton Beddoes, Zanny (GBR), Editor-in-Chief, The Economist<\/p>\n<p>Mitsotakis, Kyriakos (GRC), President, New Democracy Party<\/p>\n<p>Mota, Isabel (PRT), President, Calouste Gulbenkian Foundation<\/p>\n<p>Moyo, Dambisa F. (USA), Global Economist and Author<\/p>\n<p>Mundie, Craig J. (USA), President, Mundie &amp; Associates<\/p>\n<p>Netherlands, H.M. the King of the (NLD),<\/p>\n<p>Neven, Hartmut (USA), Director of Engineering, Google Inc.<\/p>\n<p>Noonan, Peggy (USA), Author and Columnist, The Wall Street Journal<\/p>\n<p>Oettinger, G\u00fcnther H. (INT), Commissioner for Budget &amp; Human Resources, European Commission<\/p>\n<p>O\u2019Leary, Michael (IRL), CEO, Ryanair D.A.C.<\/p>\n<p>O\u2019Neill, Onora (GBR), Emeritus Honorary Professor in Philosophy, University of Cambridge<\/p>\n<p>Osborne, George (GBR), Editor, London Evening Standard<\/p>\n<p>\u00d6zkan, Behl\u00fcl (TUR), Associate Professor in International Relations, Marmara University<\/p>\n<p>Papalexopoulos, Dimitri (GRC), CEO, Titan Cement Company S.A.<\/p>\n<p>Parolin, H.E. Pietro (VAT), Cardinal and Secretary of State<\/p>\n<p>Patino, Bruno (FRA), Chief Content Officer, Arte France TV<\/p>\n<p>Petraeus, David H. (USA), Chairman, KKR Global Institute<\/p>\n<p>Pichette, Patrick (CAN), General Partner, iNovia Capital<\/p>\n<p>Pouyann\u00e9, Patrick (FRA), Chairman and CEO, Total S.A.<\/p>\n<p>Pring, Benjamin (USA), Co-Founder and Managing Director, Center for the Future of Work<\/p>\n<p>Rankka, Maria (SWE), CEO, Stockholm Chamber of Commerce<\/p>\n<p>Ratas, J\u00fcri (EST), Prime Minister<\/p>\n<p>Rendi-Wagner, Pamela (AUT), MP (SP\u00d6); Former Minister of Health<\/p>\n<p>Rivera D\u00edaz, Albert (ESP), President, Ciudadanos Party<\/p>\n<p>Rossi, Salvatore (ITA), Senior Deputy Governor, Bank of Italy<\/p>\n<p>Rubesa, Baiba A. (LVA), CEO, RB Rail AS<\/p>\n<p>Rubin, Robert E. (USA), Co-Chairman Emeritus, Council on Foreign Relations; Former Treasury Secretary<\/p>\n<p>Rudd, Amber (GBR), MP; Former Secretary of State, Home Department<\/p>\n<p>Rutte, Mark (NLD), Prime Minister<\/p>\n<p>Sabia, Michael (CAN), President and CEO, Caisse de d\u00e9p\u00f4t et placement du Qu\u00e9bec<\/p>\n<p>Sadjadpour, Karim (USA), Senior Fellow, Carnegie Endowment for International Peace<\/p>\n<p>S\u00e1enz de Santamar\u00eda, Soraya (ESP), Deputy Prime Minister<\/p>\n<p>Sawers, John (GBR), Chairman and Partner, Macro Advisory Partners<\/p>\n<p>Schadlow, Nadia (USA), Former Deputy National Security Advisor for Strategy<\/p>\n<p>Schneider-Ammann, Johann N. (CHE), Federal Councillor<\/p>\n<p>Scholten, Rudolf (AUT), President, Bruno Kreisky Forum for International Dialogue<\/p>\n<p>Sikorski, Radoslaw (POL), Senior Fellow, Harvard University; Former Minister of Foreign Affairs, Poland<\/p>\n<p>Simsek, Mehmet (TUR), Deputy Prime Minister<\/p>\n<p>Skartveit, Hanne (NOR), Political Editor, Verdens Gang<\/p>\n<p>Stoltenberg, Jens (INT), Secretary General, NATO<\/p>\n<p>Summers, Lawrence H. (USA), Charles W. Eliot University Professor, Harvard University<\/p>\n<p>Thiel, Peter (USA), President, Thiel Capital<\/p>\n<p>Tops\u00f8e, Jakob Haldor (DNK), Chairman, Haldor Tops\u00f8e Holding A\/S<\/p>\n<p>Turpin, Matthew (USA), Director for China, National Security Council<\/p>\n<p>Wahlroos, Bj\u00f6rn (FIN), Chairman, Sampo Group, Nordea Bank, UPM-Kymmene Corporation<\/p>\n<p>Wallenberg, Marcus (SWE), Chairman, Skandinaviska Enskilda Banken AB<\/p>\n<p>Woods, Ngaire (GBR), Dean, Blavatnik School of Government, Oxford University<\/p>\n<p>Yetkin, Murat (TUR), Editor-in-chief, H\u00fcrriyet Daily News<\/p>\n<p>Zeiler, Gerhard (AUT), President, Turner International<\/p>\n<p>L\u00ea Ho\u00e0ng t\u1ed5ng h\u1ee3p<\/p>\n<p>Ngu\u1ed3n:<\/p>\n<p>Wikipedia<\/p>\n<p>https:\/\/deutsch.rt.com\/international\/71041-bilderberg-konferenz-2018-liste-der-teilnehmer\/<\/p>\n<blockquote class=\"wp-embedded-content\" data-secret=\"6aoSl6V5Ei\"><p><a href=\"https:\/\/deutsche-wirtschafts-nachrichten.de\/2018\/06\/05\/die-liste-der-bilderberg-teilnehmer-2018\/\">Die Liste der Bilderberg-Teilnehmer 2018<\/a><\/p><\/blockquote>\n<p><iframe class=\"wp-embedded-content\" sandbox=\"allow-scripts\" security=\"restricted\" style=\"position: absolute; clip: rect(1px, 1px, 1px, 1px);\" src=\"https:\/\/deutsche-wirtschafts-nachrichten.de\/2018\/06\/05\/die-liste-der-bilderberg-teilnehmer-2018\/embed\/#?secret=6aoSl6V5Ei\" data-secret=\"6aoSl6V5Ei\" width=\"600\" height=\"338\" title=\"&#8222;Die Liste der Bilderberg-Teilnehmer 2018&#8220; &#8212; DEUTSCHE WIRTSCHAFTS NACHRICHTEN\" frameborder=\"0\" marginwidth=\"0\" marginheight=\"0\" scrolling=\"no\"><\/iframe><\/p>\n<p>&nbsp;<\/p>\n<p>&nbsp;\n<p>Aufrufe: 229<\/p>","protected":false},"excerpt":{"rendered":"<p>C\u00e2u l\u1ea1c b\u1ed9 (CLB) Bilderberg \u0111\u01b0\u1ee3c t\u1ed5 ch\u1ee9c l\u1ea7n \u0111\u1ea7u ti\u00ean v\u00e0o th\u00e1ng 5.1954 t\u1ea1i kh\u00e1ch s\u1ea1n Bilderberg, theo l\u1eddi m\u1eddi c\u1ee7a Ho\u00e0ng t\u1eed Bernhard Ho\u00e0 Lan. T\u1eeb \u0111\u00f3 Bilderberg l\u00e0 t\u00ean g\u1ecdi c\u1ee7a CLB b\u00ed m\u1eadt n\u00e0y v\u00e0 tr\u1edf th\u00e0nh n\u01a1i g\u1eb7p g\u1ee1 h\u00e0ng n\u0103m c\u1ee7a nh\u1eefng nh\u00e2n v\u1eadt \u01b0u t\u00fa trong gi\u1edbi tinh &#8230;<\/p>\n","protected":false},"author":7,"featured_media":0,"comment_status":"open","ping_status":"open","sticky":false,"template":"","format":"standard","meta":[],"categories":[97,1,37],"tags":[126],"aioseo_notices":[],"_links":{"self":[{"href":"http:\/\/east-sea.de\/vi\/wp-json\/wp\/v2\/posts\/2934"}],"collection":[{"href":"http:\/\/east-sea.de\/vi\/wp-json\/wp\/v2\/posts"}],"about":[{"href":"http:\/\/east-sea.de\/vi\/wp-json\/wp\/v2\/types\/post"}],"author":[{"embeddable":true,"href":"http:\/\/east-sea.de\/vi\/wp-json\/wp\/v2\/users\/7"}],"replies":[{"embeddable":true,"href":"http:\/\/east-sea.de\/vi\/wp-json\/wp\/v2\/comments?post=2934"}],"version-history":[{"count":1,"href":"http:\/\/east-sea.de\/vi\/wp-json\/wp\/v2\/posts\/2934\/revisions"}],"predecessor-version":[{"id":2936,"href":"http:\/\/east-sea.de\/vi\/wp-json\/wp\/v2\/posts\/2934\/revisions\/2936"}],"wp:attachment":[{"href":"http:\/\/east-sea.de\/vi\/wp-json\/wp\/v2\/media?parent=2934"}],"wp:term":[{"taxonomy":"category","embeddable":true,"href":"http:\/\/east-sea.de\/vi\/wp-json\/wp\/v2\/categories?post=2934"},{"taxonomy":"post_tag","embeddable":true,"href":"http:\/\/east-sea.de\/vi\/wp-json\/wp\/v2\/tags?post=2934"}],"curies":[{"name":"wp","href":"https:\/\/api.w.org\/{rel}","templated":true}]}}