{"id":3914,"date":"2019-02-21T21:19:29","date_gmt":"2019-02-21T20:19:29","guid":{"rendered":"http:\/\/east-sea.de\/?p=3914"},"modified":"2019-02-26T16:45:39","modified_gmt":"2019-02-26T15:45:39","slug":"tieng-viet-altmaier-noi-chuyen-voi-bo-truong-ngoai-giao-pham-binh-minh-tai-berlin","status":"publish","type":"post","link":"http:\/\/east-sea.de\/vi\/2019\/02\/21\/tieng-viet-altmaier-noi-chuyen-voi-bo-truong-ngoai-giao-pham-binh-minh-tai-berlin\/","title":{"rendered":"Altmaier n\u00f3i chuy\u1ec7n v\u1edbi B\u1ed9 tr\u01b0\u1edfng Ngo\u1ea1i giao Ph\u1ea1m B\u00ecnh Minh t\u1ea1i Berlin"},"content":{"rendered":"<em>Th\u00f4ng \u00a0c\u00e1o b\u00e1o ch\u00ed<\/em><\/p>\n<p><em><strong>H\u00f4m nay 21.02.2018, B\u1ed9 tr\u01b0\u1edfng Kinh t\u1ebf Li\u00ean bang Peter Altmaier v\u00e0 Ph\u00f3 Th\u1ee7 t\u01b0\u1edbng B\u1ed9 tr\u01b0\u1edfng Ngo\u1ea1i giao Vi\u1ec7t Nam Ph\u1ea1m B\u00ecnh Minh \u0111\u00e3 n\u00f3i v\u1ec1 vi\u1ec7c t\u0103ng c\u01b0\u1eddng quan h\u1ec7 h\u1ee3p t\u00e1c song ph\u01b0\u01a1ng m\u1ed9t c\u00e1ch s\u00e2u r\u1ed9ng.<\/strong><\/em><\/p>\n<div id=\"attachment_3912\" style=\"width: 844px\" class=\"wp-caption alignnone\"><img aria-describedby=\"caption-attachment-3912\" loading=\"lazy\" class=\"wp-image-3912 size-full\" src=\"http:\/\/east-sea.de\/datei\/uploads\/2019\/02\/altmaier-spricht-mit-dem-aussenminister-phambinh-minhin-berlin.jpg\" alt=\"\" width=\"834\" height=\"556\" \/><p id=\"caption-attachment-3912\" class=\"wp-caption-text\">B\u1ed9 tr\u01b0\u1edfng kinh t\u1ebf Li\u00ean bang \u0110\u1ee9c Peter Altmaier v\u00e0 Ph\u00f3 th\u1ee7 t\u01b0\u1edbng B\u1ed9 tr\u01b0\u1edfng ngo\u1ea1i giao Vi\u1ec7t Nam Ph\u1ea1m B\u00ecnh Minh<\/p><\/div>\n<p>Altmaier: &#8220;Vi\u1ec7t Nam l\u00e0 \u0111\u1ed1i t\u00e1c kinh t\u1ebf quan tr\u1ecdng c\u1ee7a \u0110\u1ee9c trong khu v\u1ef1c ASEAN. M\u1ed9t s\u1ed1 c\u00f4ng ty \u0110\u1ee9c \u0111\u00e3 ho\u1ea1t \u0111\u1ed9ng \u1edf Vi\u1ec7t Nam trong nhi\u1ec1u n\u0103m qua. H\u1ecd \u0111\u00e3 g\u00f3p ph\u1ea7n hi\u1ec7n \u0111\u1ea1i h\u00f3a n\u1ec1n kinh t\u1ebf, t\u1ea1o ra \u0111\u01b0\u1ee3c nhi\u1ec1u vi\u1ec7c l\u00e0m c\u0169ng nh\u01b0 \u0111\u00e0o t\u1ea1o tay ngh\u1ec1. Cho n\u00ean n\u0103m nay, t\u00f4i s\u1ebd c\u00f9ng ph\u00e1i \u0111o\u00e0n kinh t\u1ebf t\u1edbi H\u00e0 N\u1ed9i v\u00e0 TP H\u1ed3 Ch\u00ed Minh \u0111\u1ec3 b\u00e0n th\u1ea3o m\u1ed9t s\u1ed1 v\u1ea5n \u0111\u1ec1\u00a0v\u1ec1\u00a0ch\u00ednh s\u00e1ch. Gi\u1edd \u0111\u00e2y, v\u1edbi vi\u1ec7c th\u01b0\u01a1ng m\u1ea1i t\u1ef1 do gi\u1eefa ch\u00e2u \u00c2u v\u00e0 Vi\u1ec7t Nam \u0111\u00e3 \u0111\u01b0\u1ee3c tho\u1ea3 thu\u1eadn, ch\u00fang ta c\u00e0ng c\u00f3 th\u1ec3 t\u00edch c\u1ef1c t\u0103ng c\u01b0\u1eddng h\u1ee3p t\u00e1c v\u1edbi nhau h\u01a1n n\u1eefa v\u00e0 t\u00f4i \u1ee7ng h\u1ed9 vi\u1ec7c k\u00fd k\u1ebft hi\u1ec7p \u0111\u1ecbnh n\u00e0y c\u00e0ng s\u1edbm c\u00e0ng t\u1ed1t.&#8221;<\/p>\n<p>N\u0103m 2013, B\u1ed9 Kinh t\u1ebf v\u00e0 N\u0103ng l\u01b0\u1ee3ng Li\u00ean bang \u0111\u00e3 kh\u1edfi \u0111\u1ed9ng m\u1ed9t d\u1ef1 \u00e1n th\u00ed \u0111i\u1ec3m l\u00e0: &#8220;\u0110\u00e0o t\u1ea1o lao \u0111\u1ed9ng tr\u1ebb t\u1eeb Vi\u1ec7t Nam tr\u1edf th\u00e0nh \u0111i\u1ec1u d\u01b0\u1ee1ng vi\u00ean&#8221;, nh\u1eb1m gi\u1ea3i quy\u1ebft t\u00ecnh tr\u1ea1ng thi\u1ebfu \u0111i\u1ec1u d\u01b0\u1ee1ng vi\u00ean l\u00e0nh ngh\u1ec1 ch\u0103m s\u00f3c y t\u1ebf t\u1ea1i \u0111\u00e2y. 350 h\u1ecdc vi\u00ean \u0111\u00e3 \u0111\u1ebfn \u0110\u1ee9c th\u00f4ng qua ch\u01b0\u01a1ng tr\u00ecnh n\u00e0y. Tr\u00ean c\u01a1 s\u1edf k\u1ebft qu\u1ea3 v\u00e0 kinh nghi\u1ec7m \u0111\u00e3 \u0111\u1ea1t \u0111\u01b0\u1ee3c, ch\u00fang t\u00f4i \u0111\u1eb7t m\u1ee5c ti\u00eau m\u1edf r\u1ed9ng m\u1eabu ngh\u1ec1 n\u00e0y cho c\u00e1c ng\u00e0nh ch\u0103m s\u00f3c s\u1ee9c kh\u1ecfe.<\/p>\n<p>T\u1ef7 tr\u1ecdng th\u01b0\u01a1ng m\u1ea1i \u0110\u1ee9c-Vi\u1ec7t trong n\u0103m 2018 \u0111\u1ea1t 13,8 t\u1ef7 Euro, trong \u0111\u00f3 9,7 t\u1ef7 Euro h\u00e0ng nh\u1eadp kh\u1ea9u t\u1eeb Vi\u1ec7t Nam v\u00e0 4,1 t\u1ef7 Euro t\u1eeb kim ng\u1ea1ch xu\u1ea5t kh\u1ea9u c\u1ee7a \u0110\u1ee9c sang Vi\u1ec7t Nam.<\/p>\n<p>L\u00ea Ho\u00e0ng<\/p>\n<p>Ngu\u1ed3n:\u00a0https:\/\/www.bmwi.de\/\/Redaktion\/DE\/Pressemitteilungen\/2019\/20190220-altmaier-spricht-mit-dem-aussenminister-phambinh-minhin-berlin.html\n<p>Aufrufe: 130<\/p>","protected":false},"excerpt":{"rendered":"<p>Th\u00f4ng \u00a0c\u00e1o b\u00e1o ch\u00ed H\u00f4m nay 21.02.2018, B\u1ed9 tr\u01b0\u1edfng Kinh t\u1ebf Li\u00ean bang Peter Altmaier v\u00e0 Ph\u00f3 Th\u1ee7 t\u01b0\u1edbng B\u1ed9 tr\u01b0\u1edfng Ngo\u1ea1i giao Vi\u1ec7t Nam Ph\u1ea1m B\u00ecnh Minh \u0111\u00e3 n\u00f3i v\u1ec1 vi\u1ec7c t\u0103ng c\u01b0\u1eddng quan h\u1ec7 h\u1ee3p t\u00e1c song ph\u01b0\u01a1ng m\u1ed9t c\u00e1ch s\u00e2u r\u1ed9ng. Altmaier: &#8220;Vi\u1ec7t Nam l\u00e0 \u0111\u1ed1i t\u00e1c kinh t\u1ebf quan tr\u1ecdng c\u1ee7a &#8230;<\/p>\n","protected":false},"author":7,"featured_media":0,"comment_status":"open","ping_status":"open","sticky":false,"template":"","format":"standard","meta":[],"categories":[97,1,37],"tags":[128],"aioseo_notices":[],"_links":{"self":[{"href":"http:\/\/east-sea.de\/vi\/wp-json\/wp\/v2\/posts\/3914"}],"collection":[{"href":"http:\/\/east-sea.de\/vi\/wp-json\/wp\/v2\/posts"}],"about":[{"href":"http:\/\/east-sea.de\/vi\/wp-json\/wp\/v2\/types\/post"}],"author":[{"embeddable":true,"href":"http:\/\/east-sea.de\/vi\/wp-json\/wp\/v2\/users\/7"}],"replies":[{"embeddable":true,"href":"http:\/\/east-sea.de\/vi\/wp-json\/wp\/v2\/comments?post=3914"}],"version-history":[{"count":3,"href":"http:\/\/east-sea.de\/vi\/wp-json\/wp\/v2\/posts\/3914\/revisions"}],"predecessor-version":[{"id":3921,"href":"http:\/\/east-sea.de\/vi\/wp-json\/wp\/v2\/posts\/3914\/revisions\/3921"}],"wp:attachment":[{"href":"http:\/\/east-sea.de\/vi\/wp-json\/wp\/v2\/media?parent=3914"}],"wp:term":[{"taxonomy":"category","embeddable":true,"href":"http:\/\/east-sea.de\/vi\/wp-json\/wp\/v2\/categories?post=3914"},{"taxonomy":"post_tag","embeddable":true,"href":"http:\/\/east-sea.de\/vi\/wp-json\/wp\/v2\/tags?post=3914"}],"curies":[{"name":"wp","href":"https:\/\/api.w.org\/{rel}","templated":true}]}}