{"id":15154,"date":"2024-03-11T15:02:06","date_gmt":"2024-03-11T14:02:06","guid":{"rendered":"http:\/\/east-sea.de\/?p=15154"},"modified":"2024-03-15T14:17:58","modified_gmt":"2024-03-15T13:17:58","slug":"tieng-viet-nato-dua-them-he-thong-patriot-den-gan-nga","status":"publish","type":"post","link":"https:\/\/east-sea.de\/vi\/2024\/03\/11\/tieng-viet-nato-dua-them-he-thong-patriot-den-gan-nga\/","title":{"rendered":"NATO \u0111\u01b0a th\u00eam h\u1ec7 th\u1ed1ng Patriot \u0111\u1ebfn g\u1ea7n Nga"},"content":{"rendered":"<p><em><strong>B\u1ed9 tr\u01b0\u1edfng Qu\u1ed1c ph\u00f2ng Litva \u2013 Arvydas Anusauskas tuy\u00ean b\u1ed1 T\u1ed5 ch\u1ee9c Hi\u1ec7p \u01b0\u1edbc B\u1eafc \u0110\u1ea1i T\u00e2y D\u01b0\u01a1ng (NATO) s\u1ebd tri\u1ec3n khai c\u00e1c h\u1ec7 th\u1ed1ng t\u00ean l\u1eeda ph\u00f2ng kh\u00f4ng Patriot do M\u1ef9 s\u1ea3n xu\u1ea5t \u1edf n\u01b0\u1edbc n\u00e0y. Litva c\u00f3 chung \u0111\u01b0\u1eddng bi\u00ean gi\u1edbi v\u1edbi v\u00f9ng Kaliningrad c\u1ee7a Nga c\u0169ng nh\u01b0 v\u1edbi \u0111\u1ed3ng minh Belarus c\u1ee7a Nga.<\/strong><\/em><\/p>\n\n\n\n<figure class=\"wp-container-2 wp-block-gallery-1 wp-block-gallery has-nested-images columns-default is-cropped\">\n<figure class=\"wp-block-image size-large\"><img data-id=\"15155\"  src=\"http:\/\/east-sea.de\/datei\/uploads\/2024\/03\/patriot-us-1-5947-1649468235-j-3745-3098-1669765518-1024x614.jpeg\" alt=\"\" class=\"wp-image-15155\" \/><figcaption><em>H\u1ec7 th\u1ed1ng ph\u00f2ng th\u1ee7 t\u00ean l\u1eeda Patriot. \u1ea2nh: US Army<\/em><\/figcaption><\/figure>\n<\/figure>\n\n\n\n<p>\u0110\u00e0i truy\u1ec1n h\u00ecnh nh\u00e0 n\u01b0\u1edbc LRT d\u1eabn l\u1eddi Anusauskas trong cu\u1ed9c h\u1ecdp b\u00e1o \u1edf Vilnius h\u00f4m 7\/3: \u201cN\u0103m nay, h\u1ec7 th\u1ed1ng ph\u00f2ng kh\u00f4ng lu\u00e2n phi\u00ean cu\u1ed1i c\u00f9ng s\u1ebd \u0111i v\u00e0o ho\u1ea1t \u0111\u1ed9ng, \u00edt nh\u1ea5t l\u00e0 m\u1ed9t ph\u1ea7n\u201d.<\/p>\n\n\n\n<p>\u201cM\u1ee5c ti\u00eau c\u1ee7a ch\u00fang t\u00f4i l\u00e0 c\u00f3 m\u1ed9t \u0111\u1ee3t lu\u00e2n chuy\u1ec3n t\u01b0\u01a1ng t\u1ef1 nh\u01b0 nhi\u1ec7m v\u1ee5 ki\u1ec3m so\u00e1t tr\u00ean kh\u00f4ng\u201d, B\u1ed9 tr\u01b0\u1edfng n\u00f3i th\u00eam, \u0111\u1ec1 c\u1eadp \u0111\u1ebfn c\u00e1c chuy\u1ebfn tu\u1ea7n tra th\u01b0\u1eddng xuy\u00ean c\u1ee7a m\u00e1y bay NATO trong kh\u00f4ng ph\u1eadn Litva, Latvia v\u00e0 Estonia.<\/p>\n\n\n\n<p>N\u0103m ngo\u00e1i, M\u1ef9 v\u00e0 c\u00e1c \u0111\u1ed3ng minh \u1edf ch\u00e2u \u00c2u \u0111\u00e3 chuy\u1ec3n giao m\u1ed9t s\u1ed1 kh\u1ea9u \u0111\u1ed9i Patriot cho Ukraine nh\u01b0 m\u1ed9t ph\u1ea7n trong n\u1ed7 l\u1ef1c h\u1ed7 tr\u1ee3 Kiev \u0111\u1ed1i ph\u00f3 v\u1edbi M\u00e1txc\u01a1va.<\/p>\n\n\n\n<p>Kh\u1ed1i do M\u1ef9 d\u1eabn \u0111\u1ea7u \u0111\u00e3 tri\u1ec3n khai th\u00eam l\u1ef1c l\u01b0\u1ee3ng t\u1edbi \u0110\u00f4ng \u00c2u v\u00e0 c\u00e1c n\u01b0\u1edbc v\u00f9ng Baltic trong nh\u1eefng n\u0103m g\u1ea7n \u0111\u00e2y, vi\u1ec7n d\u1eabn chi\u1ebfn d\u1ecbch qu\u00e2n s\u1ef1 c\u1ee7a Nga \u1edf Ukraine.<\/p>\n\n\n\n<p>T\u1ed5ng th\u01b0 k\u00fd NATO Jens Stoltenberg h\u1ed3i th\u00e1ng tr\u01b0\u1edbc c\u1ea3nh b\u00e1o r\u1eb1ng li\u00ean minh ph\u01b0\u01a1ng T\u00e2y \u201cph\u1ea3i chu\u1ea9n b\u1ecb cho m\u1ed9t cu\u1ed9c \u0111\u1ed1i \u0111\u1ea7u c\u00f3 th\u1ec3 k\u00e9o d\u00e0i h\u00e0ng th\u1eadp k\u1ef7\u201d.<\/p>\n\n\n\n<p>V\u1ec1 ph\u1ea7n m\u00ecnh, Nga cho r\u1eb1ng vi\u1ec7c NATO ti\u1ebfp t\u1ee5c m\u1edf r\u1ed9ng v\u1ec1 ph\u00eda \u0111\u00f4ng v\u00e0 s\u1ef1 h\u1ee3p t\u00e1c c\u1ee7a kh\u1ed1i n\u00e0y v\u1edbi Kiev l\u00e0 m\u1ed9t trong nh\u1eefng nguy\u00ean nh\u00e2n s\u00e2u xa c\u1ee7a cu\u1ed9c xung \u0111\u1ed9t hi\u1ec7n nay. C\u00e1c quan ch\u1ee9c Nga nhi\u1ec1u l\u1ea7n nh\u1ea5n m\u1ea1nh r\u1eb1ng Moscow coi c\u00e1c \u0111\u01a1n v\u1ecb qu\u00e2n \u0111\u1ed9i NATO g\u1ea7n bi\u00ean gi\u1edbi n\u01b0\u1edbc n\u00e0y l\u00e0 m\u1ed1i \u0111e d\u1ecda an ninh qu\u1ed1c gia.<\/p>\n\n\n\n<p>H\u1ed3i th\u00e1ng 1, ng\u01b0\u1eddi ph\u00e1t ng\u00f4n B\u1ed9 Ngo\u1ea1i giao Nga Maria Zakharova c\u1ea3nh b\u00e1o r\u1eb1ng vi\u1ec7c \u0111\u1ed3n tr\u00fa th\u00eam l\u1ef1c l\u01b0\u1ee3ng n\u01b0\u1edbc ngo\u00e0i \u1edf Litva \u201cch\u1ec9 d\u1eabn \u0111\u1ebfn c\u0103ng th\u1eb3ng qu\u00e2n s\u1ef1 leo thang\u201d.<\/p>\n\n\n\n<p>BDN<\/p>\n\n\n\n\n<p>Aufrufe: 255<\/p>","protected":false},"excerpt":{"rendered":"<p>B\u1ed9 tr\u01b0\u1edfng Qu\u1ed1c ph\u00f2ng Litva \u2013 Arvydas Anusauskas tuy\u00ean b\u1ed1 T\u1ed5 ch\u1ee9c Hi\u1ec7p \u01b0\u1edbc B\u1eafc \u0110\u1ea1i T\u00e2y D\u01b0\u01a1ng (NATO) s\u1ebd tri\u1ec3n khai c\u00e1c h\u1ec7 th\u1ed1ng t\u00ean l\u1eeda ph\u00f2ng kh\u00f4ng Patriot do M\u1ef9 s\u1ea3n xu\u1ea5t \u1edf n\u01b0\u1edbc n\u00e0y. Litva c\u00f3 chung \u0111\u01b0\u1eddng bi\u00ean gi\u1edbi v\u1edbi v\u00f9ng Kaliningrad c\u1ee7a Nga c\u0169ng nh\u01b0 v\u1edbi \u0111\u1ed3ng minh Belarus c\u1ee7a &#8230;<\/p>\n","protected":false},"author":7,"featured_media":0,"comment_status":"open","ping_status":"open","sticky":false,"template":"","format":"standard","meta":[],"categories":[97,1,37],"tags":[371],"aioseo_notices":[],"_links":{"self":[{"href":"https:\/\/east-sea.de\/vi\/wp-json\/wp\/v2\/posts\/15154"}],"collection":[{"href":"https:\/\/east-sea.de\/vi\/wp-json\/wp\/v2\/posts"}],"about":[{"href":"https:\/\/east-sea.de\/vi\/wp-json\/wp\/v2\/types\/post"}],"author":[{"embeddable":true,"href":"https:\/\/east-sea.de\/vi\/wp-json\/wp\/v2\/users\/7"}],"replies":[{"embeddable":true,"href":"https:\/\/east-sea.de\/vi\/wp-json\/wp\/v2\/comments?post=15154"}],"version-history":[{"count":5,"href":"https:\/\/east-sea.de\/vi\/wp-json\/wp\/v2\/posts\/15154\/revisions"}],"predecessor-version":[{"id":15181,"href":"https:\/\/east-sea.de\/vi\/wp-json\/wp\/v2\/posts\/15154\/revisions\/15181"}],"wp:attachment":[{"href":"https:\/\/east-sea.de\/vi\/wp-json\/wp\/v2\/media?parent=15154"}],"wp:term":[{"taxonomy":"category","embeddable":true,"href":"https:\/\/east-sea.de\/vi\/wp-json\/wp\/v2\/categories?post=15154"},{"taxonomy":"post_tag","embeddable":true,"href":"https:\/\/east-sea.de\/vi\/wp-json\/wp\/v2\/tags?post=15154"}],"curies":[{"name":"wp","href":"https:\/\/api.w.org\/{rel}","templated":true}]}}