{"id":16776,"date":"2025-03-19T21:41:43","date_gmt":"2025-03-19T20:41:43","guid":{"rendered":"http:\/\/east-sea.de\/?p=16776"},"modified":"2025-03-19T21:41:45","modified_gmt":"2025-03-19T20:41:45","slug":"tieng-viet-phap-keu-goi-chau-au-ngung-mua-vu-khi-my","status":"publish","type":"post","link":"https:\/\/east-sea.de\/vi\/2025\/03\/19\/tieng-viet-phap-keu-goi-chau-au-ngung-mua-vu-khi-my\/","title":{"rendered":"Ph\u00e1p k\u00eau g\u1ecdi ch\u00e2u \u00c2u ng\u1eebng mua v\u0169 kh\u00ed M\u1ef9"},"content":{"rendered":"<p><em><strong>T\u1ed5ng th\u1ed1ng Ph\u00e1p Emmanuel Macron mong mu\u1ed1n c\u00e1c n\u01b0\u1edbc EU d\u1eebng mua v\u0169 kh\u00ed t\u1eeb M\u1ef9<\/strong><\/em> &#8211; <em><strong>\u0111\u1ed3ng minh h\u00e0ng \u0111\u1ea7u<\/strong><\/em>.<\/p>\n\n\n\n<figure class=\"wp-container-2 wp-block-gallery-1 wp-block-gallery has-nested-images columns-default is-cropped\">\n<figure class=\"wp-block-image size-large\"><img data-id=\"16777\"  src=\"http:\/\/east-sea.de\/datei\/uploads\/2025\/03\/19_3_18.jpeg\" alt=\"\" class=\"wp-image-16777\" \/><\/figure>\n<\/figure>\n\n\n\n<p>Theo Politico, \u00f4ng Macron mu\u1ed1n d\u1eabn \u0111\u1ea7u m\u1ed9t chi\u1ebfn d\u1ecbch thu h\u00fat s\u1ef1 \u1ee7ng h\u1ed9 nh\u1eb1m thuy\u1ebft ph\u1ee5c c\u00e1c qu\u1ed1c gia EU ng\u1eebng mua thi\u1ebft b\u1ecb qu\u1ed1c ph\u00f2ng c\u1ee7a M\u1ef9 v\u00e0 chuy\u1ec3n sang mua h\u00e0ng c\u1ee7a Ph\u00e1p v\u00e0 ch\u00e2u \u00c2u.<\/p>\n\n\n\n<p>\u00d4ng Macron, ng\u01b0\u1eddi t\u1eeb l\u00e2u \u0111\u00e3 k\u00eau g\u1ecdi c\u00e1c n\u01b0\u1edbc EU h\u01b0\u1edbng chi ti\u00eau qu\u1ed1c ph\u00f2ng v\u00e0o s\u1ea3n ph\u1ea9m trong kh\u1ed1i, cho bi\u1ebft \u00f4ng mu\u1ed1n thuy\u1ebft ph\u1ee5c c\u00e1c qu\u1ed1c gia ch\u00e2u \u00c2u hi\u1ec7n \u0111ang \u201cmua h\u00e0ng M\u1ef9\u201d chuy\u1ec3n sang c\u00e1c l\u1ef1a ch\u1ecdn trong khu v\u1ef1c.<\/p>\n\n\n\n<p>\u201cM\u1ee5c ti\u00eau c\u1ee7a t\u00f4i l\u00e0 thuy\u1ebft ph\u1ee5c c\u00e1c qu\u1ed1c gia ch\u00e2u \u00c2u \u0111\u00e3 quen v\u1edbi vi\u1ec7c mua v\u0169 kh\u00ed t\u1eeb M\u1ef9\u201d, \u00f4ng n\u00f3i trong m\u1ed9t cu\u1ed9c ph\u1ecfng v\u1ea5n cu\u1ed1i tu\u1ea7n qua v\u1edbi nhi\u1ec1u h\u00e3ng truy\u1ec1n th\u00f4ng Ph\u00e1p.<\/p>\n\n\n\n<p>\u201cNh\u1eefng n\u01b0\u1edbc \u0111ang mua h\u1ec7 th\u1ed1ng Patriot n\u00ean \u0111\u01b0\u1ee3c ch\u00e0o m\u1eddi h\u1ec7 th\u1ed1ng ph\u00f2ng kh\u00f4ng SAMP\/T th\u1ebf h\u1ec7 m\u1edbi c\u1ee7a Ph\u00e1p \u2013 Italy. Nh\u1eefng n\u01b0\u1edbc mua F-35 n\u00ean \u0111\u01b0\u1ee3c \u0111\u1ec1 xu\u1ea5t chuy\u1ec3n sang Rafale. \u0110\u00f3 l\u00e0 c\u00e1ch \u0111\u1ec3 t\u0103ng t\u1ed1c \u0111\u1ed9 s\u1ea3n xu\u1ea5t\u201d, \u00f4ng Macron n\u00f3i.<\/p>\n\n\n\n<p>Nh\u1eefng ph\u00e1t bi\u1ec3u c\u1ee7a \u00f4ng \u0111\u01b0\u1ee3c \u0111\u01b0a ra trong b\u1ed1i c\u1ea3nh c\u00e1c th\u00e0nh vi\u00ean ch\u00e2u \u00c2u c\u1ee7a NATO \u0111ang ph\u1ee5 thu\u1ed9c v\u00e0o v\u0169 kh\u00ed M\u1ef9 nhi\u1ec1u h\u01a1n bao gi\u1edd h\u1ebft.<\/p>\n\n\n\n<p>Trong th\u00e1ng n\u00e0y, H\u00e0 Lan v\u00e0 B\u1ec9 \u0111\u00e3 x\u00e1c nh\u1eadn h\u1ecd v\u1eabn s\u1ebd mua ti\u00eam k\u00edch F-35 do M\u1ef9 s\u1ea3n xu\u1ea5t. Trong khi \u0111\u00f3, B\u1ed3 \u0110\u00e0o Nha \u0111ang c\u00e2n nh\u1eafc vi\u1ec7c thay th\u1ebf c\u00e1c ti\u00eam k\u00edch F-16 c\u1ee7a M\u1ef9 b\u1eb1ng F-35 hi\u1ec7n \u0111\u1ea1i h\u01a1n, v\u1edbi l\u00fd do \u201cl\u1eadp tr\u01b0\u1eddng g\u1ea7n \u0111\u00e2y c\u1ee7a M\u1ef9 trong NATO\u201d.<\/p>\n\n\n\n<p>Theo h\u00e3ng tin Nice-Matin, \u00f4ng Macron cho bi\u1ebft \u0111\u00e3 y\u00eau c\u1ea7u c\u00e1c c\u00f4ng ty qu\u1ed1c ph\u00f2ng Ph\u00e1p c\u1eaft gi\u1ea3m th\u1ee7 t\u1ee5c h\u00e0nh ch\u00ednh v\u00e0 gi\u1ea3m chi ph\u00ed \u0111\u1ec3 v\u0169 kh\u00ed n\u01b0\u1edbc n\u00e0y tr\u1edf th\u00e0nh m\u1ed9t l\u1ef1a ch\u1ecdn h\u1ea5p d\u1eabn h\u01a1n v\u1edbi c\u00e1c kh\u00e1ch h\u00e0ng ti\u1ec1m n\u0103ng.<\/p>\n\n\n\n<p>T\u1ed5ng th\u1ed1ng Ph\u00e1p c\u0169ng n\u00eau r\u00f5 vi\u1ec5n c\u1ea3nh v\u1ec1 kh\u1ea3 n\u0103ng tri\u1ec3n khai binh s\u0129 ch\u00e2u \u00c2u \u0111\u1ec3 h\u1ed7 tr\u1ee3 Ukraine. M\u1ee5c ti\u00eau l\u00e0 \u201ctri\u1ec3n khai v\u00e0i ngh\u00ecn binh s\u0129 m\u1ed7i qu\u1ed1c gia, t\u1ea1i c\u00e1c v\u1ecb tr\u00ed quan tr\u1ecdng, \u0111\u1ec3 th\u1ef1c hi\u1ec7n c\u00e1c ch\u01b0\u01a1ng tr\u00ecnh hu\u1ea5n luy\u1ec7n\u201d v\u00e0 \u201cth\u1ec3 hi\u1ec7n s\u1ef1 \u1ee7ng h\u1ed9 l\u00e2u d\u00e0i c\u1ee7a ch\u00fang t\u00f4i\u201d, \u00f4ng n\u00f3i.<\/p>\n\n\n\n<p>\u00d4ng Macron kh\u1eb3ng \u0111\u1ecbnh r\u1eb1ng c\u00e1c \u0111i\u1ec1u ki\u1ec7n m\u00e0 T\u1ed5ng th\u1ed1ng Nga Vladimir Putin \u0111\u01b0a ra \u0111\u1ec3 \u0111\u1ea1t \u0111\u01b0\u1ee3c l\u1ec7nh ng\u1eebng b\u1eafn \u1edf Ukraine l\u00e0 \u201ckh\u00f4ng th\u1ec3 ch\u1ea5p nh\u1eadn \u0111\u01b0\u1ee3c\u201d.<\/p>\n\n\n\n<p>\u201c\u0110i\u1ec1u \u0111\u00f3 \u0111\u1ed3ng ngh\u0129a v\u1edbi vi\u1ec7c Nga ki\u1ec3m so\u00e1t m\u1ed9t ph\u1ea7n l\u00e3nh th\u1ed5 Ukraine v\u00e0 \u0111\u00f3ng b\u0103ng xung \u0111\u1ed9t, m\u00e0 kh\u00f4ng mang l\u1ea1i b\u1ea5t k\u1ef3 s\u1ef1 \u0111\u1ea3m b\u1ea3o hay an ninh n\u00e0o cho t\u01b0\u01a1ng lai\u201d, \u00f4ng n\u00f3i.<\/p>\n\n\n\n<p>BDN<\/p>\n\n\n\n\n<p>Aufrufe: 250<\/p>","protected":false},"excerpt":{"rendered":"<p>T\u1ed5ng th\u1ed1ng Ph\u00e1p Emmanuel Macron mong mu\u1ed1n c\u00e1c n\u01b0\u1edbc EU d\u1eebng mua v\u0169 kh\u00ed t\u1eeb M\u1ef9 &#8211; \u0111\u1ed3ng minh h\u00e0ng \u0111\u1ea7u. Theo Politico, \u00f4ng Macron mu\u1ed1n d\u1eabn \u0111\u1ea7u m\u1ed9t chi\u1ebfn d\u1ecbch thu h\u00fat s\u1ef1 \u1ee7ng h\u1ed9 nh\u1eb1m thuy\u1ebft ph\u1ee5c c\u00e1c qu\u1ed1c gia EU ng\u1eebng mua thi\u1ebft b\u1ecb qu\u1ed1c ph\u00f2ng c\u1ee7a M\u1ef9 v\u00e0 chuy\u1ec3n sang mua &#8230;<\/p>\n","protected":false},"author":7,"featured_media":0,"comment_status":"open","ping_status":"open","sticky":false,"template":"","format":"standard","meta":[],"categories":[97,1,37],"tags":[250],"aioseo_notices":[],"_links":{"self":[{"href":"https:\/\/east-sea.de\/vi\/wp-json\/wp\/v2\/posts\/16776"}],"collection":[{"href":"https:\/\/east-sea.de\/vi\/wp-json\/wp\/v2\/posts"}],"about":[{"href":"https:\/\/east-sea.de\/vi\/wp-json\/wp\/v2\/types\/post"}],"author":[{"embeddable":true,"href":"https:\/\/east-sea.de\/vi\/wp-json\/wp\/v2\/users\/7"}],"replies":[{"embeddable":true,"href":"https:\/\/east-sea.de\/vi\/wp-json\/wp\/v2\/comments?post=16776"}],"version-history":[{"count":1,"href":"https:\/\/east-sea.de\/vi\/wp-json\/wp\/v2\/posts\/16776\/revisions"}],"predecessor-version":[{"id":16778,"href":"https:\/\/east-sea.de\/vi\/wp-json\/wp\/v2\/posts\/16776\/revisions\/16778"}],"wp:attachment":[{"href":"https:\/\/east-sea.de\/vi\/wp-json\/wp\/v2\/media?parent=16776"}],"wp:term":[{"taxonomy":"category","embeddable":true,"href":"https:\/\/east-sea.de\/vi\/wp-json\/wp\/v2\/categories?post=16776"},{"taxonomy":"post_tag","embeddable":true,"href":"https:\/\/east-sea.de\/vi\/wp-json\/wp\/v2\/tags?post=16776"}],"curies":[{"name":"wp","href":"https:\/\/api.w.org\/{rel}","templated":true}]}}