{"id":2531,"date":"2018-03-04T16:40:13","date_gmt":"2018-03-04T15:40:13","guid":{"rendered":"http:\/\/east-sea.de\/?p=2531"},"modified":"2018-05-24T16:41:31","modified_gmt":"2018-05-24T14:41:31","slug":"tieng-viet-thanh-lap-chinh-phu-lien-minh-o-duc-spd-tan-thanh-merkel-tho-phao-nhe-nhom","status":"publish","type":"post","link":"https:\/\/east-sea.de\/vi\/2018\/03\/04\/tieng-viet-thanh-lap-chinh-phu-lien-minh-o-duc-spd-tan-thanh-merkel-tho-phao-nhe-nhom\/","title":{"rendered":"Th\u00e0nh l\u1eadp ch\u00ednh ph\u1ee7 li\u00ean minh \u1edf \u0110\u1ee9c: SPD t\u00e1n th\u00e0nh \u2013 Merkel th\u1edf ph\u00e0o nh\u1eb9 nh\u00f5m"},"content":{"rendered":"<img loading=\"lazy\" class=\"alignnone wp-image-2532 size-large\" src=\"http:\/\/east-sea.de\/datei\/uploads\/2018\/03\/angela-merkel-1024x716.jpg\" alt=\"\" width=\"620\" height=\"434\" \/><\/p>\n<p><em><strong>Sau 5 th\u00e1ng b\u1ebf t\u1eafc, cu\u1ed1i c\u00f9ng c\u00e1c \u0111\u1ea3ng l\u1edbn t\u1ea1i \u0110\u1ee9c CDU\/CSU v\u00e0 SPD nh\u1ea5t tr\u00ed \u0111i \u0111\u1ebfn th\u00e0nh l\u1eadp m\u1ed9t ch\u00ednh ph\u1ee7 Li\u00ean minh m\u1edbi v\u1edbi c\u00e1i t\u00ean \u201eGroKo\u201c \u2013 &#8220;\u0110\u1ea1i li\u00ean minh&#8221; v\u00e0 b\u00e0 Angela Merkel th\u1edf ph\u00e0o nh\u1eb9 nh\u00f5m. C\u00f3 th\u1ec3 ng\u00e0y 14.03.2018 b\u00e0 Merkel s\u1ebd t\u00e1i nhi\u1ec7m ch\u1ee9c Th\u1ee7 t\u01b0\u1edbng n\u01b0\u1edbc \u0110\u1ee9c l\u1ea7n th\u1ee9 t\u01b0.<\/strong><\/em><\/p>\n<p><em><strong>C\u00f3 l\u1ebd \u0111\u00e2y l\u00e0 l\u1ea7n \u0111\u1ea7u ti\u00ean trong l\u1ecbch s\u1eed, sau khi b\u1ea7u ra Qu\u1ed1c h\u1ed9i, n\u01b0\u1edbc \u0110\u1ee9c c\u1ea7n nhi\u1ec1u th\u1eddi gian nh\u1ea5t \u0111\u1ec3 th\u00e0nh l\u1eadp ra m\u1ed9t ch\u00ednh ph\u1ee7 \u201eN\u0103ng \u0111\u1ed9ng, Ti\u1ebfn b\u1ed9 v\u00e0 \u0110o\u00e0n k\u1ebft\u201c.<\/strong><\/em><\/p>\n<p>Su\u1ed1t t\u1eeb \u0111\u00eam qua \u0111\u1ebfn s\u00e1ng h\u00f4m nay, 04.03.2018, trong nh\u00e0 k\u00ednh tr\u1ee5 s\u1edf \u0111\u1ea3ng SPD Willy-Brand-Haus, d\u01b0\u1edbi s\u1ef1 b\u1ea3o v\u1ec7 nghi\u00eam ng\u1eb7t c\u1ee7a c\u00f4ng an Ban ki\u1ec3m phi\u1ebfu g\u1ed3m 120 th\u00e0nh vi\u00ean \u0111\u00e3 b\u00e1o c\u00e1o ho\u00e0n th\u00e0nh nhi\u1ec7m v\u1ee5 c\u1ee7a m\u00ecnh v\u1edbi k\u1ebft qu\u1ea3: 66,02% phi\u1ebfu thu\u1eadn cho &#8220;\u0110\u1ea1i li\u00ean minh&#8221; v\u00e0 33,98 phi\u1ebfu ch\u1ed1ng, t\u1ee9c l\u00e0 trong s\u1ed1 463.722 \u0111\u1ea3ng vi\u00ean \u0111\u1ee7 t\u01b0 c\u00e1ch tham gia b\u1ecf phi\u1ebfu, chi\u1ebfm 78,39% t\u1ed5ng s\u1ed1 \u0111\u1ea3ng vi\u00ean, c\u00f3 378.437 l\u00e1 phi\u1ebfu trong \u0111\u00f3 c\u00f3 363.494 phi\u1ebfu h\u1ee3p l\u1ec7, 239.604 phi\u1ebfu \u0111\u1ed3ng \u00fd v\u00e0 123.329 kh\u00f4ng \u0111\u1ed3ng \u00fd (n\u0103m 2013 s\u1ed1 \u0111\u1ea3ng vi\u00ean SPD \u0111\u1ed3ng \u00fd GroKo l\u00e0 tr\u00f2n 76%). Song song v\u1edbi th\u1eddi gian Ban ki\u1ec3m phi\u1ebfu l\u00e0m vi\u1ec7c, nh\u00f3m l\u00e3nh \u0111\u1ea1o \u0111\u1ea3ng g\u1ed3m 45 th\u00e0nh vi\u00ean h\u1ecdp k\u00edn b\u00e0n v\u1ec1 qu\u00e1 tr\u00ecnh \u0111\u1ed5i m\u1edbi SPD &#8211; m\u1ed9t ch\u00ednh \u0111\u1ea3ng l\u00e2u \u0111\u1eddi nh\u1ea5t n\u01b0\u1edbc \u0110\u1ee9c. Theo ngu\u1ed3n tin t\u1eeb n\u1ed9i b\u1ed9 \u0111\u1ea3ng cho bi\u1ebft, h\u1ecd \u0111\u00e3 ph\u1ea3i t\u1ed1n \u0111\u1ebfn 1,5 tri\u1ec7u Euro cho cu\u1ed9c tr\u01b0ng c\u1ea7u \u00fd ki\u1ebfn n\u00e0y.<\/p>\n<p>Tr\u01b0\u1edfng ban ki\u1ec3m tra \u0111\u1ea3ng SPD Olaf Scholz cho hay, k\u1ebft qu\u1ea3 n\u00e0y l\u00e0 c\u01a1 s\u1edf n\u1ec1n t\u1ea3ng \u0111\u1ec3 SPD tham gia ch\u00ednh ph\u1ee7 Li\u00ean minh m\u1edbi c\u1ee7a \u0110\u1ee9c, \u0111\u1ed3ng th\u1eddi nh\u1eefng ph\u00ea ph\u00e1n v\u1ec1 Li\u00ean Minh GroKo l\u00e0 \u0111\u1ed9ng l\u1ef1c \u0111\u1ec3 \u0111\u1ea3ng c\u1ee7a \u00f4ng r\u00fat ra b\u00e0i h\u1ecdc kinh nghi\u1ec7m qu\u00ed b\u00e1u nh\u1eb1m kh\u1edfi \u0111\u1ed9ng c\u00e1c \u0111\u1ec1 xu\u1ea5t cho qu\u00e1 tr\u00ecnh \u0111\u1ed5i m\u1edbi trong th\u1eddi gian t\u1edbi \u0111\u00e2y. Scholz cho bi\u1ebft th\u00eam, trong 6 B\u1ed9 tr\u01b0\u1edfng s\u1ebd c\u00f3 m\u1ed9t n\u1eeda l\u00e0 n\u1eef v\u00e0 s\u1ebd c\u00f4ng b\u1ed1 danh s\u00e1ch n\u00e0y v\u00e0o ng\u00e0y 12.03. t\u1edbi.<\/p>\n<p>Th\u1ee7 t\u01b0\u1edbng Angela Merkel ch\u00fac m\u1eebng quy\u1ebft \u0111\u1ecbnh c\u1ee7a \u0111\u1ea3ng SPD: \u201eT\u00f4i r\u1ea5t vui m\u1eebng khi \u0111\u01b0\u1ee3c ti\u1ebfp t\u1ee5c h\u1ee3p t\u00e1c ph\u1ee5c v\u1ee5 cho l\u1ee3i \u00edch c\u1ee7a \u0111\u1ea5t n\u01b0\u1edbc ch\u00fang ta\u201c.<\/p>\n<p>B\u00e0 T\u1ed5ng Th\u01b0 k\u00fd \u0111\u1ea3ng CDU Annegret Kramp-Karrenbauer vi\u1ebft tr\u00ean Twitter c\u1ee7a m\u00ecnh: \u201eM\u1ed9t quy\u1ebft \u0111\u1ecbnh \u0111\u00fang \u0111\u1eafn t\u1ed1t cho n\u01b0\u1edbc \u0110\u1ee9c\u201c v\u00e0 hoan ngh\u00eanh s\u1ef1 \u0111\u1ed3ng thu\u1eadn r\u1ed9ng r\u00e3i c\u1ee7a \u0111\u1ea3ng vi\u00ean \u0111\u1ea3ng SPD.<\/p>\n<p>Ngay c\u1ea3 \u0111\u1ed1i v\u1edbi \u0111\u1ea3ng CSU c\u0169ng nh\u01b0 tr\u00fat \u0111\u01b0\u1ee3c g\u00e1nh n\u1eb7ng. Seehofer, Ch\u1ee7 t\u1ecbch \u0111\u1ea3ng CSU n\u00f3i: \u201eK\u1ebft qu\u1ea3 b\u1ecf phi\u1ebfu c\u1ee7a SPD l\u00e0 n\u1ec1n t\u1ea3ng t\u1ed1t cho m\u1ed9t ch\u00ednh ph\u1ee7 ki\u1ebfn t\u1ea1o \u1ed5n \u0111\u1ecbnh\u201c.<\/p>\n<p>\u201eT\u00f4i c\u1ea3m th\u1ea5y v\u00f4 c\u00f9ng nh\u1eb9 nh\u00f5m khi \u0111\u1ea5t n\u01b0\u1edbc m\u00ecnh x\u00e1c \u0111\u1ecbnh \u0111\u01b0\u1ee3c Ch\u00ednh ph\u1ee7 li\u00ean minh m\u1edbi gi\u1eefa CDU, CSU v\u00e0 SPD\u201c b\u00e0 T\u1ed5ng th\u01b0 k\u00fd \u0111\u1ea3ng CSU Andreas Scheuer th\u1ed5 l\u1ed9.<\/p>\n<p>&nbsp;<\/p>\n<p>L\u00ea Ho\u00e0ng t\u1ed5ng h\u1ee3p<\/p>\n<p>&nbsp;\n<p>Aufrufe: 245<\/p>","protected":false},"excerpt":{"rendered":"<p>Sau 5 th\u00e1ng b\u1ebf t\u1eafc, cu\u1ed1i c\u00f9ng c\u00e1c \u0111\u1ea3ng l\u1edbn t\u1ea1i \u0110\u1ee9c CDU\/CSU v\u00e0 SPD nh\u1ea5t tr\u00ed \u0111i \u0111\u1ebfn th\u00e0nh l\u1eadp m\u1ed9t ch\u00ednh ph\u1ee7 Li\u00ean minh m\u1edbi v\u1edbi c\u00e1i t\u00ean \u201eGroKo\u201c \u2013 &#8220;\u0110\u1ea1i li\u00ean minh&#8221; v\u00e0 b\u00e0 Angela Merkel th\u1edf ph\u00e0o nh\u1eb9 nh\u00f5m. C\u00f3 th\u1ec3 ng\u00e0y 14.03.2018 b\u00e0 Merkel s\u1ebd t\u00e1i nhi\u1ec7m ch\u1ee9c Th\u1ee7 t\u01b0\u1edbng &#8230;<\/p>\n","protected":false},"author":7,"featured_media":0,"comment_status":"open","ping_status":"open","sticky":false,"template":"","format":"standard","meta":[],"categories":[97,1,37],"tags":[126],"aioseo_notices":[],"_links":{"self":[{"href":"https:\/\/east-sea.de\/vi\/wp-json\/wp\/v2\/posts\/2531"}],"collection":[{"href":"https:\/\/east-sea.de\/vi\/wp-json\/wp\/v2\/posts"}],"about":[{"href":"https:\/\/east-sea.de\/vi\/wp-json\/wp\/v2\/types\/post"}],"author":[{"embeddable":true,"href":"https:\/\/east-sea.de\/vi\/wp-json\/wp\/v2\/users\/7"}],"replies":[{"embeddable":true,"href":"https:\/\/east-sea.de\/vi\/wp-json\/wp\/v2\/comments?post=2531"}],"version-history":[{"count":2,"href":"https:\/\/east-sea.de\/vi\/wp-json\/wp\/v2\/posts\/2531\/revisions"}],"predecessor-version":[{"id":2537,"href":"https:\/\/east-sea.de\/vi\/wp-json\/wp\/v2\/posts\/2531\/revisions\/2537"}],"wp:attachment":[{"href":"https:\/\/east-sea.de\/vi\/wp-json\/wp\/v2\/media?parent=2531"}],"wp:term":[{"taxonomy":"category","embeddable":true,"href":"https:\/\/east-sea.de\/vi\/wp-json\/wp\/v2\/categories?post=2531"},{"taxonomy":"post_tag","embeddable":true,"href":"https:\/\/east-sea.de\/vi\/wp-json\/wp\/v2\/tags?post=2531"}],"curies":[{"name":"wp","href":"https:\/\/api.w.org\/{rel}","templated":true}]}}