{"id":2569,"date":"2018-03-14T14:26:11","date_gmt":"2018-03-14T13:26:11","guid":{"rendered":"http:\/\/east-sea.de\/?p=2569"},"modified":"2018-03-14T14:52:00","modified_gmt":"2018-03-14T13:52:00","slug":"tieng-viet-trien-lam-ban-do-viet-nam-o-hoi-cho-du-lich-quoc-te-berlin-2018","status":"publish","type":"post","link":"https:\/\/east-sea.de\/vi\/2018\/03\/14\/tieng-viet-trien-lam-ban-do-viet-nam-o-hoi-cho-du-lich-quoc-te-berlin-2018\/","title":{"rendered":"Tri\u1ec3n l\u00e3m b\u1ea3n \u0111\u1ed3 Vi\u1ec7t Nam \u1edf H\u1ed9i ch\u1ee3 Du l\u1ecbch qu\u1ed1c t\u1ebf Berlin 2018"},"content":{"rendered":"<strong>Theo ph\u00f3ng vi\u00ean TTXVN t\u1ea1i \u0110\u1ee9c, trong ch\u01b0\u01a1ng tr\u00ecnh qu\u1ea3ng b\u00e1 du l\u1ecbch Vi\u1ec7t Nam t\u1ea1i khu\u00f4n kh\u1ed5 H\u1ed9i ch\u1ee3 Du l\u1ecbch qu\u1ed1c t\u1ebf &#8211; ITB Berlin 2018, t\u1eeb ng\u00e0y 7 \u0111\u1ebfn 11\/3, m\u1ed9t s\u1ed1 gian h\u00e0ng du l\u1ecbch Vi\u1ec7t Nam \u0111\u00e3 t\u1ed5 ch\u1ee9c gi\u1edbi thi\u1ec7u tri\u1ec3n l\u00e3m b\u1ea3n \u0111\u1ed3 Vi\u1ec7t Nam v\u1edbi kh\u00e1ch tham quan.<\/strong><\/p>\n<p><img loading=\"lazy\" class=\"wp-image-2570 aligncenter\" src=\"http:\/\/east-sea.de\/datei\/uploads\/2018\/03\/ttxvn_ban_do_vietnam_in_berlin_10-300x225.jpg\" alt=\"\" width=\"608\" height=\"456\" \/><\/p>\n<div class=\"article-photo\"><em>\u00a0\u00a0\u00a0\u00a0\u00a0\u00a0 \u00a0 \u00a0 \u00a0 \u00a0 Gi\u1edbi thi\u1ec7u b\u1ea3n \u0111\u1ed3 Tr\u01b0\u1eddng Sa, Ho\u00e0ng Sa c\u1ee7a Vi\u1ec7t Nam v\u1edbi du kh\u00e1ch qu\u1ed1c t\u1ebf. (\u1ea2nh: Thanh B\u00ecnh\/TTXVN)<\/em><\/div>\n<div>\n<p>Theo ph\u00f3ng vi\u00ean TTXVN t\u1ea1i \u0110\u1ee9c, trong ch\u01b0\u01a1ng tr\u00ecnh qu\u1ea3ng b\u00e1 du l\u1ecbch Vi\u1ec7t Nam t\u1ea1i khu\u00f4n kh\u1ed5 H\u1ed9i ch\u1ee3 Du l\u1ecbch qu\u1ed1c t\u1ebf &#8211; ITB Berlin 2018, t\u1eeb ng\u00e0y 7 \u0111\u1ebfn 11\/3, m\u1ed9t s\u1ed1 gian h\u00e0ng du l\u1ecbch Vi\u1ec7t Nam \u0111\u00e3 t\u1ed5 ch\u1ee9c gi\u1edbi thi\u1ec7u tri\u1ec3n l\u00e3m b\u1ea3n \u0111\u1ed3 Vi\u1ec7t Nam v\u1edbi kh\u00e1ch tham quan.<\/p>\n<p>B\u00ean c\u1ea1nh vi\u1ec7c gi\u1edbi thi\u1ec7u v\u00e0 qu\u1ea3ng b\u00e1 c\u00e1c s\u1ea3n ph\u1ea9m du l\u1ecbch, d\u1ecbch v\u1ee5 v\u00e0 bi\u1ec3u di\u1ec5n c\u00e1c ch\u01b0\u01a1ng tr\u00ecnh v\u0103n h\u00f3a ngh\u1ec7 thu\u1eadt truy\u1ec1n th\u1ed1ng, ho\u1ea1t \u0111\u1ed9ng tri\u1ec3n l\u00e3m b\u1ea3n \u0111\u1ed3 Vi\u1ec7t Nam \u0111\u00e3 g\u00f3p ph\u1ea7n t\u00edch c\u1ef1c qu\u1ea3ng b\u00e1 h\u00ecnh \u1ea3nh \u0111\u1ea5t n\u01b0\u1edbc, con ng\u01b0\u1eddi Vi\u1ec7t Nam, gi\u00fap b\u1ea1n b\u00e8 qu\u1ed1c t\u1ebf c\u00f3 th\u00eam nhi\u1ec1u th\u00f4ng tin h\u1eefu \u00edch v\u00e0 ch\u00ednh x\u00e1c v\u1ec1 du l\u1ecbch Vi\u1ec7t Nam c\u0169ng nh\u01b0 v\u1ec1 ch\u1ee7 quy\u1ec1n \u0111\u1ed1i v\u1edbi c\u00e1c qu\u1ea7n \u0111\u1ea3o Ho\u00e0ng Sa v\u00e0 Tr\u01b0\u1eddng Sa c\u1ee7a Vi\u1ec7t Nam.<\/p>\n<p>R\u1ea5t nhi\u1ec1u du kh\u00e1ch \u0111\u1ebfn v\u1edbi gian h\u00e0ng du l\u1ecbch Vi\u1ec7t Nam \u0111\u1ec1u b\u00e0y t\u1ecf s\u1ef1 quan t\u00e2m, c\u00f3 thi\u1ec7n c\u1ea3m v\u1edbi c\u00e1c g\u00f3i s\u1ea3n ph\u1ea9m du l\u1ecbch v\u00e0 tri\u1ec3n l\u00e3m b\u1ea3n \u0111\u1ed3.<\/p>\n<p>H\u1ed9i ch\u1ee3 Du l\u1ecbch qu\u1ed1c t\u1ebf &#8211; ITB Berlin 2018 ch\u00ednh th\u1ee9c m\u1edf c\u1eeda \u0111\u00f3n kh\u00e1ch t\u1eeb ng\u00e0y 7 \u0111\u1ebfn ng\u00e0y 11\/3 t\u1ea1i Trung t\u00e2m H\u1ed9i ch\u1ee3 Tri\u1ec3n l\u00e3m Messe \u1edf th\u1ee7 \u0111\u00f4 Berlin.<\/p>\n<div class=\"article-photo\"><a href=\"https:\/\/img.vietnamplus.vn\/t660\/Uploaded\/Mtpyelagtpy\/2018_03_10\/ttxvn_ban_do_vietnam_in_berlin1_10.jpg\" data-index=\"1\"><img loading=\"lazy\" class=\"aligncenter\" src=\"https:\/\/img.vietnamplus.vn\/t660\/Uploaded\/Mtpyelagtpy\/2018_03_10\/ttxvn_ban_do_vietnam_in_berlin1_10.jpg\" alt=\"\" width=\"558\" height=\"418\" \/><\/a><\/div>\n<div class=\"article-photo\"><em>\u00a0\u00a0\u00a0\u00a0\u00a0\u00a0\u00a0\u00a0\u00a0 \u00a0 \u00a0 \u00a0 \u00a0 \u00a0 Gi\u1edbi thi\u1ec7u b\u1ea3n \u0111\u1ed3 Tr\u01b0\u1eddng Sa, Ho\u00e0ng Sa c\u1ee7a Vi\u1ec7t Nam v\u1edbi du kh\u00e1ch qu\u1ed1c t\u1ebf. (\u1ea2nh: Thanh B\u00ecnh\/TTXVN)<\/em><\/div>\n<p>Tham d\u1ef1 H\u1ed9i ch\u1ee3 ITB 2018 l\u1ea7n n\u00e0y c\u00f3 h\u01a1n 10.000 doanh nghi\u1ec7p, c\u00f4ng ty du l\u1ecbch, l\u1eef h\u00e0nh \u0111\u1ebfn t\u1eeb 189 qu\u1ed1c gia v\u00e0 v\u00f9ng l\u00e3nh th\u1ed5 tr\u00ean th\u1ebf gi\u1edbi, trong \u0111\u00f3 Vi\u1ec7t Nam ti\u1ebfp t\u1ee5c g\u00f3p m\u1eb7t t\u1ea1i s\u1ef1 ki\u1ec7n l\u1edbn n\u00e0y v\u1edbi h\u01a1n 40 doanh nghi\u1ec7p du l\u1ecbch h\u00e0ng \u0111\u1ea7u trong n\u01b0\u1edbc tham gia.<\/p>\n<p>Ban t\u1ed5 ch\u1ee9c cho bi\u1ebft trong 5 ng\u00e0y di\u1ec5n ra h\u1ed9i ch\u1ee3, c\u00e1c \u0111\u01a1n v\u1ecb, doanh nghi\u1ec7p du l\u1ecbch c\u00e1c n\u01b0\u1edbc tr\u00ean th\u1ebf gi\u1edbi s\u1ebd tr\u01b0ng b\u00e0y, gi\u1edbi thi\u1ec7u v\u00e0 qu\u1ea3ng b\u00e1 c\u00e1c s\u1ea3n ph\u1ea9m du l\u1ecbch c\u1ee7a m\u00ecnh t\u1edbi c\u00e1c du kh\u00e1ch tham quan trong nh\u1eefng gian h\u00e0ng c\u00f3 thi\u1ebft k\u1ebf ri\u00eang, mang n\u00e9t truy\u1ec1n th\u1ed1ng c\u1ee7a t\u1eebng n\u01b0\u1edbc tr\u00ean di\u1ec7n t\u00edch h\u01a1n 160.000m2.<\/p>\n<p>ITB \u0111\u01b0\u1ee3c \u0111\u00e1nh gi\u00e1 l\u00e0 s\u00e2n ch\u01a1i b\u1ed5 \u00edch, ph\u1ea3n \u00e1nh to\u00e0n di\u1ec7n gi\u00e1 tr\u1ecb c\u1ee7a ng\u00e0nh c\u00f4ng nghi\u1ec7p du l\u1ecbch th\u1ebf gi\u1edbi. T\u1ea1i \u0111\u00e2y, c\u00e1c doanh nghi\u1ec7p, c\u00f4ng ty du l\u1ecbch l\u1eef h\u00e0nh nhi\u1ec1u n\u01b0\u1edbc tr\u00ean th\u1ebf gi\u1edbi c\u00f3 th\u00eam c\u01a1 h\u1ed9i \u0111\u01b0\u1ee3c giao l\u01b0u, m\u1edf r\u1ed9ng quan h\u1ec7 c\u0169ng nh\u01b0 t\u00ecm ki\u1ebfm th\u00eam nhi\u1ec1u \u0111\u1ed1i t\u00e1c kinh doanh m\u1edbi.\/.\/<\/p>\n<\/div>\n<div>Theo Vietnam Plus<\/div>\n\n<p>Aufrufe: 262<\/p>","protected":false},"excerpt":{"rendered":"<p>Theo ph\u00f3ng vi\u00ean TTXVN t\u1ea1i \u0110\u1ee9c, trong ch\u01b0\u01a1ng tr\u00ecnh qu\u1ea3ng b\u00e1 du l\u1ecbch Vi\u1ec7t Nam t\u1ea1i khu\u00f4n kh\u1ed5 H\u1ed9i ch\u1ee3 Du l\u1ecbch qu\u1ed1c t\u1ebf &#8211; ITB Berlin 2018, t\u1eeb ng\u00e0y 7 \u0111\u1ebfn 11\/3, m\u1ed9t s\u1ed1 gian h\u00e0ng du l\u1ecbch Vi\u1ec7t Nam \u0111\u00e3 t\u1ed5 ch\u1ee9c gi\u1edbi thi\u1ec7u tri\u1ec3n l\u00e3m b\u1ea3n \u0111\u1ed3 Vi\u1ec7t Nam v\u1edbi kh\u00e1ch tham &#8230;<\/p>\n","protected":false},"author":8,"featured_media":0,"comment_status":"open","ping_status":"open","sticky":false,"template":"","format":"standard","meta":[],"categories":[97,37],"tags":[132,131,133],"aioseo_notices":[],"_links":{"self":[{"href":"https:\/\/east-sea.de\/vi\/wp-json\/wp\/v2\/posts\/2569"}],"collection":[{"href":"https:\/\/east-sea.de\/vi\/wp-json\/wp\/v2\/posts"}],"about":[{"href":"https:\/\/east-sea.de\/vi\/wp-json\/wp\/v2\/types\/post"}],"author":[{"embeddable":true,"href":"https:\/\/east-sea.de\/vi\/wp-json\/wp\/v2\/users\/8"}],"replies":[{"embeddable":true,"href":"https:\/\/east-sea.de\/vi\/wp-json\/wp\/v2\/comments?post=2569"}],"version-history":[{"count":9,"href":"https:\/\/east-sea.de\/vi\/wp-json\/wp\/v2\/posts\/2569\/revisions"}],"predecessor-version":[{"id":2581,"href":"https:\/\/east-sea.de\/vi\/wp-json\/wp\/v2\/posts\/2569\/revisions\/2581"}],"wp:attachment":[{"href":"https:\/\/east-sea.de\/vi\/wp-json\/wp\/v2\/media?parent=2569"}],"wp:term":[{"taxonomy":"category","embeddable":true,"href":"https:\/\/east-sea.de\/vi\/wp-json\/wp\/v2\/categories?post=2569"},{"taxonomy":"post_tag","embeddable":true,"href":"https:\/\/east-sea.de\/vi\/wp-json\/wp\/v2\/tags?post=2569"}],"curies":[{"name":"wp","href":"https:\/\/api.w.org\/{rel}","templated":true}]}}